{"id":62,"date":"2019-07-26T17:01:44","date_gmt":"2019-07-26T15:01:44","guid":{"rendered":"http:\/\/autozastepcze-gdansk.pl\/?p=62"},"modified":"2020-02-20T10:43:53","modified_gmt":"2020-02-20T09:43:53","slug":"wyslij-dziecko-do-przedszkole-prywatne-poznan","status":"publish","type":"post","link":"http:\/\/autozastepcze-gdansk.pl\/index.php\/2019\/07\/26\/wyslij-dziecko-do-przedszkole-prywatne-poznan\/","title":{"rendered":"Wy\u015blij dziecko do miejsca jakim jest przedszkole prywatne Pozna\u0144"},"content":{"rendered":"\n<p>Nie tak dawno temu przyjaciel zapyta\u0142 mnie, czy mam zamiar wys\u0142a\u0107 moje najm\u0142odsze dziecko, moje trzecie dziecko, do miejsca jakim jest przedszkole prywatne Pozna\u0144 na czas, czy te\u017c zdecyduj\u0119 si\u0119 j\u0105 powstrzyma\u0107. Pytanie mnie nie zaskoczy\u0142o. \u201eOp\u00f3\u017anianie wieku w kt\u00f3rym dziecko idzie do przedszkola\u201d? lub op\u00f3\u017anianie wej\u015bcia do przedszkola o rok, nie jest rzadko\u015bci\u0105 w miejscu, w kt\u00f3rym mieszkam czyli w Poznaniu, a moja c\u00f3rka robi odci\u0119cie w naszej dzielnicy o zaledwie pi\u0119\u0107 dni. To sprawia, \u017ce \u200b\u200bnajprawdopodobniej b\u0119dzie najm\u0142odsz\u0105 w swojej klasie, co\u015b, co zobaczy\u0142em, mo\u017ce by\u0107 rzecz\u0105 pozytywn\u0105. Ale czas dochodzenia mojego przyjaciela troch\u0119 mnie rzuci\u0142: Moja c\u00f3rka ma dopiero 2,5 roku. Z pewno\u015bci\u0105 kupuje nam troch\u0119 czasu, aby zdecydowa\u0107, czy b\u0119dzie gotowa na prawie 5 lat w miejscu jakim jest przedszkole prywatne Pozna\u0144, woj. wielkopolskie. Mimo to, nie mo\u017cna wini\u0107 rodzic\u00f3w dzieci po m\u0142odszej stronie za ich stopie\u0144 za zmartwienie wcze\u015bnie i cz\u0119sto, szczeg\u00f3lnie gdy musimy cierpie\u0107 przez reklamy wywo\u0142uj\u0105ce l\u0119k na stronach internetowych i innych wyrobach sprzedawanych w celu przygotowania naszych dzieci do wysy\u0142ki do miejsca jakim jest <a href=\"http:\/\/poznan.wszystkieskarbymamy.pl\/\">przedszkole prywatne Pozna\u0144<\/a>, co brzmi coraz bardziej przypomina onie\u015bmielaj\u0105ce, bezlitosne miejsce, a nie ciep\u0142e powitanie edukacji, kt\u00f3r\u0105 kiedy\u015b by\u0142o. <br><\/p>\n","protected":false},"excerpt":{"rendered":"<p>Nie tak dawno temu przyjaciel zapyta\u0142 mnie, czy mam zamiar wys\u0142a\u0107 moje najm\u0142odsze dziecko, moje trzecie dziecko, do miejsca jakim jest przedszkole prywatne Pozna\u0144 na czas, czy te\u017c zdecyduj\u0119 si\u0119 j\u0105 powstrzyma\u0107. Pytanie mnie nie zaskoczy\u0142o. \u201eOp\u00f3\u017anianie wieku w kt\u00f3rym dziecko idzie do przedszkola\u201d? lub op\u00f3\u017anianie wej\u015bcia do przedszkola o rok, nie jest rzadko\u015bci\u0105 w &hellip; <a href=\"http:\/\/autozastepcze-gdansk.pl\/index.php\/2019\/07\/26\/wyslij-dziecko-do-przedszkole-prywatne-poznan\/\" class=\"more-link\">Czytaj dalej<span class=\"screen-reader-text\"> Wy\u015blij dziecko do miejsca jakim jest przedszkole prywatne Pozna\u0144<\/span><\/a><\/p>\n","protected":false},"author":1,"featured_media":0,"comment_status":"closed","ping_status":"open","sticky":false,"template":"","format":"standard","meta":{"footnotes":""},"categories":[1],"tags":[],"class_list":["post-62","post","type-post","status-publish","format-standard","hentry","category-bez-kategorii"],"_links":{"self":[{"href":"http:\/\/autozastepcze-gdansk.pl\/index.php\/wp-json\/wp\/v2\/posts\/62"}],"collection":[{"href":"http:\/\/autozastepcze-gdansk.pl\/index.php\/wp-json\/wp\/v2\/posts"}],"about":[{"href":"http:\/\/autozastepcze-gdansk.pl\/index.php\/wp-json\/wp\/v2\/types\/post"}],"author":[{"embeddable":true,"href":"http:\/\/autozastepcze-gdansk.pl\/index.php\/wp-json\/wp\/v2\/users\/1"}],"replies":[{"embeddable":true,"href":"http:\/\/autozastepcze-gdansk.pl\/index.php\/wp-json\/wp\/v2\/comments?post=62"}],"version-history":[{"count":2,"href":"http:\/\/autozastepcze-gdansk.pl\/index.php\/wp-json\/wp\/v2\/posts\/62\/revisions"}],"predecessor-version":[{"id":267,"href":"http:\/\/autozastepcze-gdansk.pl\/index.php\/wp-json\/wp\/v2\/posts\/62\/revisions\/267"}],"wp:attachment":[{"href":"http:\/\/autozastepcze-gdansk.pl\/index.php\/wp-json\/wp\/v2\/media?parent=62"}],"wp:term":[{"taxonomy":"category","embeddable":true,"href":"http:\/\/autozastepcze-gdansk.pl\/index.php\/wp-json\/wp\/v2\/categories?post=62"},{"taxonomy":"post_tag","embeddable":true,"href":"http:\/\/autozastepcze-gdansk.pl\/index.php\/wp-json\/wp\/v2\/tags?post=62"}],"curies":[{"name":"wp","href":"https:\/\/api.w.org\/{rel}","templated":true}]}}